





{"id":1139,"date":"2025-11-26T16:28:31","date_gmt":"2025-11-26T15:28:31","guid":{"rendered":"https:\/\/tuba.mib.sk\/mib-and-tu-ba-at-two-key-architecture-gatherings-in-copenhagen\/"},"modified":"2025-12-18T11:49:34","modified_gmt":"2025-12-18T10:49:34","slug":"mib-and-tu-ba-at-two-key-architecture-gatherings-in-copenhagen","status":"publish","type":"post","link":"https:\/\/tuba.mib.sk\/en\/mib-and-tu-ba-at-two-key-architecture-gatherings-in-copenhagen\/","title":{"rendered":"MIB and TU-BA at two key architecture gatherings in Copenhagen"},"content":{"rendered":"","protected":false},"excerpt":{"rendered":"","protected":false},"author":4,"featured_media":1138,"comment_status":"open","ping_status":"open","sticky":false,"template":"","format":"standard","meta":{"_acf_changed":false},"categories":[11],"tags":[],"class_list":["post-1139","post","type-post","status-publish","format-standard","has-post-thumbnail","hentry","category-uncategorized"],"acf":[],"yoast_head":"<!-- This site is optimized with the Yoast SEO plugin v26.1.1 - https:\/\/yoast.com\/wordpress\/plugins\/seo\/ -->\n<title>MIB and TU-BA at two key architecture gatherings in Copenhagen - TU-BA<\/title>\n<meta name=\"robots\" content=\"index, follow, max-snippet:-1, max-image-preview:large, max-video-preview:-1\" \/>\n<link rel=\"canonical\" href=\"https:\/\/tuba.mib.sk\/en\/mib-and-tu-ba-at-two-key-architecture-gatherings-in-copenhagen\/\" \/>\n<meta property=\"og:locale\" content=\"en_US\" \/>\n<meta property=\"og:type\" content=\"article\" \/>\n<meta property=\"og:title\" content=\"MIB and TU-BA at two key architecture gatherings in Copenhagen - TU-BA\" \/>\n<meta property=\"og:url\" content=\"https:\/\/tuba.mib.sk\/en\/mib-and-tu-ba-at-two-key-architecture-gatherings-in-copenhagen\/\" \/>\n<meta property=\"og:site_name\" content=\"TU-BA\" \/>\n<meta property=\"article:publisher\" content=\"https:\/\/www.facebook.com\/people\/TU-BA-Tu-sa-tvor%c3%ad-Bratislava\/61570557293614\/?locale=sk_SK\" \/>\n<meta property=\"article:published_time\" content=\"2025-11-26T15:28:31+00:00\" \/>\n<meta property=\"article:modified_time\" content=\"2025-12-18T10:49:34+00:00\" \/>\n<meta property=\"og:image\" content=\"https:\/\/tuba.mib.sk\/wp-content\/uploads\/2025\/11\/Dansk_Arkitektur_Center_European_Architecture_Conference_2025_Foto_Sofie_Bogegren__30-1024x615-1.jpg\" \/>\n\t<meta property=\"og:image:width\" content=\"1024\" \/>\n\t<meta property=\"og:image:height\" content=\"615\" \/>\n\t<meta property=\"og:image:type\" content=\"image\/jpeg\" \/>\n<meta name=\"author\" content=\"TU-BA\" \/>\n<meta name=\"twitter:card\" content=\"summary_large_image\" \/>\n<meta name=\"twitter:label1\" content=\"Written by\" \/>\n\t<meta name=\"twitter:data1\" content=\"TU-BA\" \/>\n\t<meta name=\"twitter:label2\" content=\"Est. reading time\" \/>\n\t<meta name=\"twitter:data2\" content=\"6 minutes\" \/>\n<script type=\"application\/ld+json\" class=\"yoast-schema-graph\">{\"@context\":\"https:\/\/schema.org\",\"@graph\":[{\"@type\":\"Article\",\"@id\":\"https:\/\/tuba.mib.sk\/en\/mib-and-tu-ba-at-two-key-architecture-gatherings-in-copenhagen\/#article\",\"isPartOf\":{\"@id\":\"https:\/\/tuba.mib.sk\/en\/mib-and-tu-ba-at-two-key-architecture-gatherings-in-copenhagen\/\"},\"author\":{\"name\":\"TU-BA\",\"@id\":\"https:\/\/tuba.mib.sk\/en\/#\/schema\/person\/48900cd38ce5d531a3250383467850f7\"},\"headline\":\"MIB and TU-BA at two key architecture gatherings in Copenhagen\",\"datePublished\":\"2025-11-26T15:28:31+00:00\",\"dateModified\":\"2025-12-18T10:49:34+00:00\",\"mainEntityOfPage\":{\"@id\":\"https:\/\/tuba.mib.sk\/en\/mib-and-tu-ba-at-two-key-architecture-gatherings-in-copenhagen\/\"},\"wordCount\":10,\"commentCount\":0,\"publisher\":{\"@id\":\"https:\/\/tuba.mib.sk\/en\/#organization\"},\"image\":{\"@id\":\"https:\/\/tuba.mib.sk\/en\/mib-and-tu-ba-at-two-key-architecture-gatherings-in-copenhagen\/#primaryimage\"},\"thumbnailUrl\":\"https:\/\/tuba.mib.sk\/wp-content\/uploads\/2025\/11\/Dansk_Arkitektur_Center_European_Architecture_Conference_2025_Foto_Sofie_Bogegren__30-1024x615-1.jpg\",\"inLanguage\":\"en-US\",\"potentialAction\":[{\"@type\":\"CommentAction\",\"name\":\"Comment\",\"target\":[\"https:\/\/tuba.mib.sk\/en\/mib-and-tu-ba-at-two-key-architecture-gatherings-in-copenhagen\/#respond\"]}]},{\"@type\":\"WebPage\",\"@id\":\"https:\/\/tuba.mib.sk\/en\/mib-and-tu-ba-at-two-key-architecture-gatherings-in-copenhagen\/\",\"url\":\"https:\/\/tuba.mib.sk\/en\/mib-and-tu-ba-at-two-key-architecture-gatherings-in-copenhagen\/\",\"name\":\"MIB and TU-BA at two key architecture gatherings in Copenhagen - TU-BA\",\"isPartOf\":{\"@id\":\"https:\/\/tuba.mib.sk\/en\/#website\"},\"primaryImageOfPage\":{\"@id\":\"https:\/\/tuba.mib.sk\/en\/mib-and-tu-ba-at-two-key-architecture-gatherings-in-copenhagen\/#primaryimage\"},\"image\":{\"@id\":\"https:\/\/tuba.mib.sk\/en\/mib-and-tu-ba-at-two-key-architecture-gatherings-in-copenhagen\/#primaryimage\"},\"thumbnailUrl\":\"https:\/\/tuba.mib.sk\/wp-content\/uploads\/2025\/11\/Dansk_Arkitektur_Center_European_Architecture_Conference_2025_Foto_Sofie_Bogegren__30-1024x615-1.jpg\",\"datePublished\":\"2025-11-26T15:28:31+00:00\",\"dateModified\":\"2025-12-18T10:49:34+00:00\",\"breadcrumb\":{\"@id\":\"https:\/\/tuba.mib.sk\/en\/mib-and-tu-ba-at-two-key-architecture-gatherings-in-copenhagen\/#breadcrumb\"},\"inLanguage\":\"en-US\",\"potentialAction\":[{\"@type\":\"ReadAction\",\"target\":[\"https:\/\/tuba.mib.sk\/en\/mib-and-tu-ba-at-two-key-architecture-gatherings-in-copenhagen\/\"]}]},{\"@type\":\"ImageObject\",\"inLanguage\":\"en-US\",\"@id\":\"https:\/\/tuba.mib.sk\/en\/mib-and-tu-ba-at-two-key-architecture-gatherings-in-copenhagen\/#primaryimage\",\"url\":\"https:\/\/tuba.mib.sk\/wp-content\/uploads\/2025\/11\/Dansk_Arkitektur_Center_European_Architecture_Conference_2025_Foto_Sofie_Bogegren__30-1024x615-1.jpg\",\"contentUrl\":\"https:\/\/tuba.mib.sk\/wp-content\/uploads\/2025\/11\/Dansk_Arkitektur_Center_European_Architecture_Conference_2025_Foto_Sofie_Bogegren__30-1024x615-1.jpg\",\"width\":1024,\"height\":615},{\"@type\":\"BreadcrumbList\",\"@id\":\"https:\/\/tuba.mib.sk\/en\/mib-and-tu-ba-at-two-key-architecture-gatherings-in-copenhagen\/#breadcrumb\",\"itemListElement\":[{\"@type\":\"ListItem\",\"position\":1,\"name\":\"Domovsk\u00e1 str\u00e1nka\",\"item\":\"https:\/\/tuba.mib.sk\/en\/\"},{\"@type\":\"ListItem\",\"position\":2,\"name\":\"MIB and TU-BA at two key architecture gatherings in Copenhagen\"}]},{\"@type\":\"WebSite\",\"@id\":\"https:\/\/tuba.mib.sk\/en\/#website\",\"url\":\"https:\/\/tuba.mib.sk\/en\/\",\"name\":\"TU-BA\",\"description\":\"Space for our city\",\"publisher\":{\"@id\":\"https:\/\/tuba.mib.sk\/en\/#organization\"},\"potentialAction\":[{\"@type\":\"SearchAction\",\"target\":{\"@type\":\"EntryPoint\",\"urlTemplate\":\"https:\/\/tuba.mib.sk\/en\/?s={search_term_string}\"},\"query-input\":{\"@type\":\"PropertyValueSpecification\",\"valueRequired\":true,\"valueName\":\"search_term_string\"}}],\"inLanguage\":\"en-US\"},{\"@type\":\"Organization\",\"@id\":\"https:\/\/tuba.mib.sk\/en\/#organization\",\"name\":\"Metropolitn\u00fd in\u0161tit\u00fat Bratislavy\",\"url\":\"https:\/\/tuba.mib.sk\/en\/\",\"logo\":{\"@type\":\"ImageObject\",\"inLanguage\":\"en-US\",\"@id\":\"https:\/\/tuba.mib.sk\/en\/#\/schema\/logo\/image\/\",\"url\":\"https:\/\/tuba.mib.sk\/wp-content\/uploads\/2025\/03\/mib-logo-blue.svg\",\"contentUrl\":\"https:\/\/tuba.mib.sk\/wp-content\/uploads\/2025\/03\/mib-logo-blue.svg\",\"width\":1,\"height\":1,\"caption\":\"Metropolitn\u00fd in\u0161tit\u00fat Bratislavy\"},\"image\":{\"@id\":\"https:\/\/tuba.mib.sk\/en\/#\/schema\/logo\/image\/\"},\"sameAs\":[\"https:\/\/www.facebook.com\/people\/TU-BA-Tu-sa-tvor\u00ed-Bratislava\/61570557293614\/?locale=sk_SK\",\"https:\/\/www.instagram.com\/tuba_bratislava\/\"]},{\"@type\":\"Person\",\"@id\":\"https:\/\/tuba.mib.sk\/en\/#\/schema\/person\/48900cd38ce5d531a3250383467850f7\",\"name\":\"TU-BA\",\"image\":{\"@type\":\"ImageObject\",\"inLanguage\":\"en-US\",\"@id\":\"https:\/\/tuba.mib.sk\/en\/#\/schema\/person\/image\/\",\"url\":\"https:\/\/secure.gravatar.com\/avatar\/ee171e635c86aec8f14476e6e6f7ba14b42cbd459c69aead4300156e05285437?s=96&d=mm&r=g\",\"contentUrl\":\"https:\/\/secure.gravatar.com\/avatar\/ee171e635c86aec8f14476e6e6f7ba14b42cbd459c69aead4300156e05285437?s=96&d=mm&r=g\",\"caption\":\"TU-BA\"}}]}<\/script>\n<!-- \/ Yoast SEO plugin. -->","yoast_head_json":{"title":"MIB and TU-BA at two key architecture gatherings in Copenhagen - TU-BA","robots":{"index":"index","follow":"follow","max-snippet":"max-snippet:-1","max-image-preview":"max-image-preview:large","max-video-preview":"max-video-preview:-1"},"canonical":"https:\/\/tuba.mib.sk\/en\/mib-and-tu-ba-at-two-key-architecture-gatherings-in-copenhagen\/","og_locale":"en_US","og_type":"article","og_title":"MIB and TU-BA at two key architecture gatherings in Copenhagen - TU-BA","og_url":"https:\/\/tuba.mib.sk\/en\/mib-and-tu-ba-at-two-key-architecture-gatherings-in-copenhagen\/","og_site_name":"TU-BA","article_publisher":"https:\/\/www.facebook.com\/people\/TU-BA-Tu-sa-tvor%c3%ad-Bratislava\/61570557293614\/?locale=sk_SK","article_published_time":"2025-11-26T15:28:31+00:00","article_modified_time":"2025-12-18T10:49:34+00:00","og_image":[{"width":1024,"height":615,"url":"https:\/\/tuba.mib.sk\/wp-content\/uploads\/2025\/11\/Dansk_Arkitektur_Center_European_Architecture_Conference_2025_Foto_Sofie_Bogegren__30-1024x615-1.jpg","type":"image\/jpeg"}],"author":"TU-BA","twitter_card":"summary_large_image","twitter_misc":{"Written by":"TU-BA","Est. reading time":"6 minutes"},"schema":{"@context":"https:\/\/schema.org","@graph":[{"@type":"Article","@id":"https:\/\/tuba.mib.sk\/en\/mib-and-tu-ba-at-two-key-architecture-gatherings-in-copenhagen\/#article","isPartOf":{"@id":"https:\/\/tuba.mib.sk\/en\/mib-and-tu-ba-at-two-key-architecture-gatherings-in-copenhagen\/"},"author":{"name":"TU-BA","@id":"https:\/\/tuba.mib.sk\/en\/#\/schema\/person\/48900cd38ce5d531a3250383467850f7"},"headline":"MIB and TU-BA at two key architecture gatherings in Copenhagen","datePublished":"2025-11-26T15:28:31+00:00","dateModified":"2025-12-18T10:49:34+00:00","mainEntityOfPage":{"@id":"https:\/\/tuba.mib.sk\/en\/mib-and-tu-ba-at-two-key-architecture-gatherings-in-copenhagen\/"},"wordCount":10,"commentCount":0,"publisher":{"@id":"https:\/\/tuba.mib.sk\/en\/#organization"},"image":{"@id":"https:\/\/tuba.mib.sk\/en\/mib-and-tu-ba-at-two-key-architecture-gatherings-in-copenhagen\/#primaryimage"},"thumbnailUrl":"https:\/\/tuba.mib.sk\/wp-content\/uploads\/2025\/11\/Dansk_Arkitektur_Center_European_Architecture_Conference_2025_Foto_Sofie_Bogegren__30-1024x615-1.jpg","inLanguage":"en-US","potentialAction":[{"@type":"CommentAction","name":"Comment","target":["https:\/\/tuba.mib.sk\/en\/mib-and-tu-ba-at-two-key-architecture-gatherings-in-copenhagen\/#respond"]}]},{"@type":"WebPage","@id":"https:\/\/tuba.mib.sk\/en\/mib-and-tu-ba-at-two-key-architecture-gatherings-in-copenhagen\/","url":"https:\/\/tuba.mib.sk\/en\/mib-and-tu-ba-at-two-key-architecture-gatherings-in-copenhagen\/","name":"MIB and TU-BA at two key architecture gatherings in Copenhagen - TU-BA","isPartOf":{"@id":"https:\/\/tuba.mib.sk\/en\/#website"},"primaryImageOfPage":{"@id":"https:\/\/tuba.mib.sk\/en\/mib-and-tu-ba-at-two-key-architecture-gatherings-in-copenhagen\/#primaryimage"},"image":{"@id":"https:\/\/tuba.mib.sk\/en\/mib-and-tu-ba-at-two-key-architecture-gatherings-in-copenhagen\/#primaryimage"},"thumbnailUrl":"https:\/\/tuba.mib.sk\/wp-content\/uploads\/2025\/11\/Dansk_Arkitektur_Center_European_Architecture_Conference_2025_Foto_Sofie_Bogegren__30-1024x615-1.jpg","datePublished":"2025-11-26T15:28:31+00:00","dateModified":"2025-12-18T10:49:34+00:00","breadcrumb":{"@id":"https:\/\/tuba.mib.sk\/en\/mib-and-tu-ba-at-two-key-architecture-gatherings-in-copenhagen\/#breadcrumb"},"inLanguage":"en-US","potentialAction":[{"@type":"ReadAction","target":["https:\/\/tuba.mib.sk\/en\/mib-and-tu-ba-at-two-key-architecture-gatherings-in-copenhagen\/"]}]},{"@type":"ImageObject","inLanguage":"en-US","@id":"https:\/\/tuba.mib.sk\/en\/mib-and-tu-ba-at-two-key-architecture-gatherings-in-copenhagen\/#primaryimage","url":"https:\/\/tuba.mib.sk\/wp-content\/uploads\/2025\/11\/Dansk_Arkitektur_Center_European_Architecture_Conference_2025_Foto_Sofie_Bogegren__30-1024x615-1.jpg","contentUrl":"https:\/\/tuba.mib.sk\/wp-content\/uploads\/2025\/11\/Dansk_Arkitektur_Center_European_Architecture_Conference_2025_Foto_Sofie_Bogegren__30-1024x615-1.jpg","width":1024,"height":615},{"@type":"BreadcrumbList","@id":"https:\/\/tuba.mib.sk\/en\/mib-and-tu-ba-at-two-key-architecture-gatherings-in-copenhagen\/#breadcrumb","itemListElement":[{"@type":"ListItem","position":1,"name":"Domovsk\u00e1 str\u00e1nka","item":"https:\/\/tuba.mib.sk\/en\/"},{"@type":"ListItem","position":2,"name":"MIB and TU-BA at two key architecture gatherings in Copenhagen"}]},{"@type":"WebSite","@id":"https:\/\/tuba.mib.sk\/en\/#website","url":"https:\/\/tuba.mib.sk\/en\/","name":"TU-BA","description":"Space for our city","publisher":{"@id":"https:\/\/tuba.mib.sk\/en\/#organization"},"potentialAction":[{"@type":"SearchAction","target":{"@type":"EntryPoint","urlTemplate":"https:\/\/tuba.mib.sk\/en\/?s={search_term_string}"},"query-input":{"@type":"PropertyValueSpecification","valueRequired":true,"valueName":"search_term_string"}}],"inLanguage":"en-US"},{"@type":"Organization","@id":"https:\/\/tuba.mib.sk\/en\/#organization","name":"Metropolitn\u00fd in\u0161tit\u00fat Bratislavy","url":"https:\/\/tuba.mib.sk\/en\/","logo":{"@type":"ImageObject","inLanguage":"en-US","@id":"https:\/\/tuba.mib.sk\/en\/#\/schema\/logo\/image\/","url":"https:\/\/tuba.mib.sk\/wp-content\/uploads\/2025\/03\/mib-logo-blue.svg","contentUrl":"https:\/\/tuba.mib.sk\/wp-content\/uploads\/2025\/03\/mib-logo-blue.svg","width":1,"height":1,"caption":"Metropolitn\u00fd in\u0161tit\u00fat Bratislavy"},"image":{"@id":"https:\/\/tuba.mib.sk\/en\/#\/schema\/logo\/image\/"},"sameAs":["https:\/\/www.facebook.com\/people\/TU-BA-Tu-sa-tvor\u00ed-Bratislava\/61570557293614\/?locale=sk_SK","https:\/\/www.instagram.com\/tuba_bratislava\/"]},{"@type":"Person","@id":"https:\/\/tuba.mib.sk\/en\/#\/schema\/person\/48900cd38ce5d531a3250383467850f7","name":"TU-BA","image":{"@type":"ImageObject","inLanguage":"en-US","@id":"https:\/\/tuba.mib.sk\/en\/#\/schema\/person\/image\/","url":"https:\/\/secure.gravatar.com\/avatar\/ee171e635c86aec8f14476e6e6f7ba14b42cbd459c69aead4300156e05285437?s=96&d=mm&r=g","contentUrl":"https:\/\/secure.gravatar.com\/avatar\/ee171e635c86aec8f14476e6e6f7ba14b42cbd459c69aead4300156e05285437?s=96&d=mm&r=g","caption":"TU-BA"}}]}},"_links":{"self":[{"href":"https:\/\/tuba.mib.sk\/en\/wp-json\/wp\/v2\/posts\/1139","targetHints":{"allow":["GET"]}}],"collection":[{"href":"https:\/\/tuba.mib.sk\/en\/wp-json\/wp\/v2\/posts"}],"about":[{"href":"https:\/\/tuba.mib.sk\/en\/wp-json\/wp\/v2\/types\/post"}],"author":[{"embeddable":true,"href":"https:\/\/tuba.mib.sk\/en\/wp-json\/wp\/v2\/users\/4"}],"replies":[{"embeddable":true,"href":"https:\/\/tuba.mib.sk\/en\/wp-json\/wp\/v2\/comments?post=1139"}],"version-history":[{"count":4,"href":"https:\/\/tuba.mib.sk\/en\/wp-json\/wp\/v2\/posts\/1139\/revisions"}],"predecessor-version":[{"id":1143,"href":"https:\/\/tuba.mib.sk\/en\/wp-json\/wp\/v2\/posts\/1139\/revisions\/1143"}],"wp:featuredmedia":[{"embeddable":true,"href":"https:\/\/tuba.mib.sk\/en\/wp-json\/wp\/v2\/media\/1138"}],"wp:attachment":[{"href":"https:\/\/tuba.mib.sk\/en\/wp-json\/wp\/v2\/media?parent=1139"}],"wp:term":[{"taxonomy":"category","embeddable":true,"href":"https:\/\/tuba.mib.sk\/en\/wp-json\/wp\/v2\/categories?post=1139"},{"taxonomy":"post_tag","embeddable":true,"href":"https:\/\/tuba.mib.sk\/en\/wp-json\/wp\/v2\/tags?post=1139"}],"curies":[{"name":"wp","href":"https:\/\/api.w.org\/{rel}","templated":true}]}}